{"id":19553,"date":"2023-10-24T09:08:51","date_gmt":"2023-10-24T07:08:51","guid":{"rendered":"https:\/\/kosicebaptist.sk\/?p=19553"},"modified":"2025-08-19T10:24:03","modified_gmt":"2025-08-19T08:24:03","slug":"100-rokov-baptistickeho-zboru-v-kosiciach","status":"publish","type":"post","link":"https:\/\/kosicebaptist.sk\/en\/100-rokov-baptistickeho-zboru-v-kosiciach","title":{"rendered":"100 rokov Baptistick\u00e9ho zboru v Ko\u0161iciach"},"content":{"rendered":"<p>Bl\u00ed\u017ei sa ve\u013ek\u00e9 v\u00fdro\u010die 100 rokov baptistick\u00e9ho zboru v Ko\u0161iciach a 20 v\u00fdro\u010die od otvorenia novej modlitebne. Poz\u00fdvame v\u00e1s v\u0161etk\u00fdch na tieto oslavy, ktor\u00e9 s\u00fa napl\u00e1novan\u00e9 na sobotu 4. 11. so za\u010diatkom o 15:00 a v nede\u013eu 5.11. o 9:30. Sobotn\u00fd program je ur\u010den\u00fd pre \u0161irok\u00fa verejnos\u0165 &#8211; pripraven\u00e9 s\u00fa dve moderovan\u00e9 v\u00fdstavy, video, koncert spevokolu JAS a evanjeliza\u010dn\u00e1 k\u00e1ze\u0148.<\/p>\n<p>V nede\u013eu by sme na spolo\u010dnej \u010fakovnej bohoslu\u017ebe vzdali Bohu chv\u00e1lu a v\u010faku za v\u0161etky roky predt\u00fdm, kde sme mohli vidie\u0165 Jeho milostiv\u00fa a dobrotiv\u00fa ruku. Na t\u00fato bohoslu\u017ebu poz\u00fdvame aj b\u00fdval\u00fdch kazate\u013eov, priate\u013eov zboru, z\u00e1stupcov mesta Ko\u0161ice a evanjelik\u00e1ln\u00fdch cirkv\u00ed na Slovensku. Ver\u00edme, \u017ee spolu pre\u017eijeme \u00fa\u017easn\u00e9 bratsko sestersk\u00e9 spolo\u010denstvo v pr\u00edtomnosti n\u00e1\u0161ho P\u00e1na.<\/p>\n<h2>Program sobota 4.11.2023<\/h2>\n<p>15:00 Sl\u00e1vnostn\u00e9 otvorenie &#8211; sprievodn\u00e9 podujatia<\/p>\n<ul>\n<li>Moderovan\u00e1 expoz\u00edcia &#8211; Biblia v premen\u00e1ch \u010dasu (Jaroslav B\u00e1n)<\/li>\n<li>Vernis\u00e1\u017e historick\u00fdch fotografi\u00ed a dokumentov (Michal Lap\u010d\u00e1k)<\/li>\n<\/ul>\n<p>18:00 koncert spev\u00e1ckeho zboru <a href=\"https:\/\/www.baptist.sk\/zlozky\/spevacky-zbor-jas\" target=\"_blank\" rel=\"noopener\">JAS<\/a> Bratskej jednoty baptistov v SR<\/p>\n<h2>Program nede\u013ea 5.11.2023<\/h2>\n<p>9:30 Sl\u00e1vnostn\u00e1 bohoslu\u017eba spojen\u00e1 so v\u010fakyvzdan\u00edm<\/p>\n<p>Vstup je vo\u013en\u00fd. Po\u010das celej akcie je zabezpe\u010den\u00e9 ob\u010derstvenie &#8211; k\u00e1va, \u010daj, miner\u00e1lky a nie\u010do na zahryznutie<\/p>","protected":false},"excerpt":{"rendered":"<p>Bl\u00ed\u017ei sa ve\u013ek\u00e9 v\u00fdro\u010die 100 rokov baptistick\u00e9ho zboru v Ko\u0161iciach a 20 v\u00fdro\u010die od otvorenia novej modlitebne. Poz\u00fdvame v\u00e1s v\u0161etk\u00fdch na tieto oslavy, ktor\u00e9 s\u00fa napl\u00e1novan\u00e9 na sobotu 4. 11. so za\u010diatkom o 15:00 a v nede\u013eu 5.11. o 9:30.<\/p>","protected":false},"author":1,"featured_media":19555,"comment_status":"closed","ping_status":"closed","sticky":false,"template":"","format":"standard","meta":{"_seopress_robots_primary_cat":"none","_seopress_titles_title":"","_seopress_titles_desc":"","_seopress_robots_index":"","footnotes":""},"categories":[20,117,56],"tags":[],"class_list":["post-19553","post","type-post","status-publish","format-standard","has-post-thumbnail","hentry","category-chvaly-a-uctievanie","category-nasa-historia","category-svedectva"],"blocksy_meta":[],"_links":{"self":[{"href":"https:\/\/kosicebaptist.sk\/en\/wp-json\/wp\/v2\/posts\/19553","targetHints":{"allow":["GET"]}}],"collection":[{"href":"https:\/\/kosicebaptist.sk\/en\/wp-json\/wp\/v2\/posts"}],"about":[{"href":"https:\/\/kosicebaptist.sk\/en\/wp-json\/wp\/v2\/types\/post"}],"author":[{"embeddable":true,"href":"https:\/\/kosicebaptist.sk\/en\/wp-json\/wp\/v2\/users\/1"}],"replies":[{"embeddable":true,"href":"https:\/\/kosicebaptist.sk\/en\/wp-json\/wp\/v2\/comments?post=19553"}],"version-history":[{"count":1,"href":"https:\/\/kosicebaptist.sk\/en\/wp-json\/wp\/v2\/posts\/19553\/revisions"}],"predecessor-version":[{"id":25324,"href":"https:\/\/kosicebaptist.sk\/en\/wp-json\/wp\/v2\/posts\/19553\/revisions\/25324"}],"wp:featuredmedia":[{"embeddable":true,"href":"https:\/\/kosicebaptist.sk\/en\/wp-json\/wp\/v2\/media\/19555"}],"wp:attachment":[{"href":"https:\/\/kosicebaptist.sk\/en\/wp-json\/wp\/v2\/media?parent=19553"}],"wp:term":[{"taxonomy":"category","embeddable":true,"href":"https:\/\/kosicebaptist.sk\/en\/wp-json\/wp\/v2\/categories?post=19553"},{"taxonomy":"post_tag","embeddable":true,"href":"https:\/\/kosicebaptist.sk\/en\/wp-json\/wp\/v2\/tags?post=19553"}],"curies":[{"name":"wp","href":"https:\/\/api.w.org\/{rel}","templated":true}]}}