{"id":22870,"date":"2025-03-17T10:14:20","date_gmt":"2025-03-17T09:14:20","guid":{"rendered":"https:\/\/kosicebaptist.sk\/?p=22870"},"modified":"2025-03-17T10:14:20","modified_gmt":"2025-03-17T09:14:20","slug":"4-den-ciel-mudrosti-je-hospodin","status":"publish","type":"post","link":"https:\/\/kosicebaptist.sk\/en\/4-den-ciel-mudrosti-je-hospodin","title":{"rendered":"4. de\u0148 \u2013 Cie\u013e m\u00fadrosti je Hospodin"},"content":{"rendered":"<p>[cmsmasters_row data_width=&#8220;boxed&#8220; data_padding_left=&#8220;3&#8243; data_padding_right=&#8220;3&#8243; data_top_style=&#8220;default&#8220; data_bot_style=&#8220;default&#8220; data_color=&#8220;default&#8220; data_bg_position=&#8220;top center&#8220; data_bg_repeat=&#8220;no-repeat&#8220; data_bg_attachment=&#8220;scroll&#8220; data_bg_size=&#8220;cover&#8220; data_bg_parallax_ratio=&#8220;0.5&#8243; data_padding_top=&#8220;0&#8243; data_padding_bottom=&#8220;50&#8243; data_shortcode_id=&#8220;nmlbc52f6b&#8220;][cmsmasters_column data_width=&#8220;1\/1&#8243; data_animation_delay=&#8220;0&#8243; data_shortcode_id=&#8220;llflug6v2k&#8220;][cmsmasters_text animation_delay=&#8220;0&#8243;]<\/p>\n<blockquote><p>Nadej sa na Hospodina cel\u00fdm svoj\u00edm srdcom a nespoliehaj sa na svoju rozumnos\u0165. Pozn\u00e1vaj ho na v\u0161etk\u00fdch svojich cest\u00e1ch, a on bude urovn\u00e1va\u0165 tvoje stezky. Nebu\u010f m\u00fadrym vo svojich vlastn\u00fdch o\u010diach; boj sa Hospodina a odst\u00fap od zl\u00e9ho.<br \/>\nPr. 3,5-7<\/p><\/blockquote>\n<p>Hlavn\u00fd d\u00f4raz \u010di my\u0161lienka knihy Pr\u00edslov\u00ed je m\u00fadros\u0165, ktor\u00fa \u010dlovek dok\u00e1\u017ee z\u00edska\u0165 sk\u00faman\u00edm Bo\u017e\u00edch nariaden\u00ed, ktor\u00e9 s\u00fa pravda. No fin\u00e1lnym cie\u013eom knihy Pr\u00edslov\u00ed v\u0161ak nie je z\u00edskan\u00e1 m\u00fadros\u0165 sama o sebe, ale Boh, ktor\u00e9ho v\u010faka tejto m\u00fadrosti dok\u00e1\u017eem viac pozna\u0165, milova\u0165 a posl\u00facha\u0165.<\/p>\n<p>&#8222;M\u00fadros\u0165&#8220;, ktor\u00e1 nie je prim\u00e1rne zameran\u00e1 na Boha, nie je skuto\u010dnou pravou m\u00fadros\u0165ou, je to svetsk\u00e1 m\u00fadros\u0165, ktor\u00e1 p\u00f4sob\u00ed v \u010dloveku p\u00fdchu. Postoj \u010dloveka vo\u010di knihe Pr\u00edslov\u00ed by teda nemal by\u0165 len: &#8222;T\u00fa\u017eim \u010d\u00edta\u0165 Pr\u00edslovia, aby som bol m\u00fadry,&#8220; aj ke\u010f to je chv\u00e1lyhodn\u00fd postoj. Lep\u0161\u00ed postoj by mohol znie\u0165: &#8222;T\u00fa\u017eim \u010d\u00edta\u0165 Pr\u00edslovia, aby som bol m\u00fadry, aby som poznal, miloval a posl\u00fachal Boha.&#8220;<\/p>\n<p>Cie\u013eom pravej m\u00fadrosti nie je m\u00fadros\u0165 sama o sebe, ale Boh a Jeho sl\u00e1va. Pr\u00e1ve preto, aj ke\u010f je hlavn\u00e1 t\u00e9ma Pr\u00edslov\u00ed m\u00fadros\u0165, dne\u0161n\u00fd text n\u00e1m hovor\u00ed, aby sme sa nespoliehali na svoju m\u00fadros\u0165 a aby sme neboli m\u00fadrymi vo vlastn\u00fdch o\u010diach. M\u00e1me rad\u0161ej urobi\u0165 in\u00e9 \u0161tyri veci:<\/p>\n<p>Nadeja\u0165 sa na Boha \u2013 znamen\u00e1 veri\u0165 a spo\u013eahn\u00fa\u0165 sa so v\u0161etk\u00fdm, \u010do m\u00e1m aj nem\u00e1m, \u017ee Boh spln\u00ed, \u010do vo svojom P\u00edsme zas\u013eubuje.<br \/>\nPozn\u00e1va\u0165 Boha \u2013 znamen\u00e1 \u0161tudova\u0165 z Jeho Slova, ak\u00fd Boh je, a oslavova\u0165 Ho za to, k\u00fdm je a \u010do rob\u00ed.<br \/>\nB\u00e1\u0165 sa Boha \u2013 znamen\u00e1 ma\u0165 pred N\u00edm \u00factu, re\u0161pekt, b\u00e1ze\u0148, b\u00e1\u0165 sa Ho sklama\u0165 hriechom, posl\u00facha\u0165 Ho radostn\u00fdm srdcom.<br \/>\nOdst\u00fapi\u0165 od zl\u00e9ho \u2013 znamen\u00e1 proakt\u00edvne a r\u00e1zne sa v praktickom \u017eivote str\u00e1ni\u0165 v\u0161etk\u00e9ho zl\u00e9ho a hrie\u0161neho.<\/p>\n<p>Boh je za\u010diatok aj koniec m\u00fadrosti, jej \u0161tart aj cie\u013e.<\/p>\n<p>Ondrej K.<\/p>\n<p>[\/cmsmasters_text][\/cmsmasters_column][\/cmsmasters_row]<\/p>\n","protected":false},"excerpt":{"rendered":"<p>Hlavn\u00fd d\u00f4raz \u010di my\u0161lienka knihy Pr\u00edslov\u00ed je m\u00fadros\u0165, ktor\u00fa \u010dlovek dok\u00e1\u017ee z\u00edska\u0165 sk\u00faman\u00edm Bo\u017e\u00edch nariaden\u00ed, ktor\u00e9 s\u00fa pravda. No fin\u00e1lnym cie\u013eom knihy Pr\u00edslov\u00ed v\u0161ak nie je z\u00edskan\u00e1 m\u00fadros\u0165 sama o sebe, ale Boh, ktor\u00e9ho v\u010faka tejto m\u00fadrosti dok\u00e1\u017eem viac pozna\u0165, milova\u0165 a posl\u00facha\u0165.<\/p>","protected":false},"author":1,"featured_media":22762,"comment_status":"closed","ping_status":"closed","sticky":false,"template":"","format":"standard","meta":{"_seopress_robots_primary_cat":"","_seopress_titles_title":"","_seopress_titles_desc":"","_seopress_robots_index":"","footnotes":""},"categories":[28],"tags":[150],"class_list":["post-22870","post","type-post","status-publish","format-standard","has-post-thumbnail","hentry","category-zamyslenia","tag-prislovia"],"blocksy_meta":[],"_links":{"self":[{"href":"https:\/\/kosicebaptist.sk\/en\/wp-json\/wp\/v2\/posts\/22870","targetHints":{"allow":["GET"]}}],"collection":[{"href":"https:\/\/kosicebaptist.sk\/en\/wp-json\/wp\/v2\/posts"}],"about":[{"href":"https:\/\/kosicebaptist.sk\/en\/wp-json\/wp\/v2\/types\/post"}],"author":[{"embeddable":true,"href":"https:\/\/kosicebaptist.sk\/en\/wp-json\/wp\/v2\/users\/1"}],"replies":[{"embeddable":true,"href":"https:\/\/kosicebaptist.sk\/en\/wp-json\/wp\/v2\/comments?post=22870"}],"version-history":[{"count":0,"href":"https:\/\/kosicebaptist.sk\/en\/wp-json\/wp\/v2\/posts\/22870\/revisions"}],"wp:featuredmedia":[{"embeddable":true,"href":"https:\/\/kosicebaptist.sk\/en\/wp-json\/wp\/v2\/media\/22762"}],"wp:attachment":[{"href":"https:\/\/kosicebaptist.sk\/en\/wp-json\/wp\/v2\/media?parent=22870"}],"wp:term":[{"taxonomy":"category","embeddable":true,"href":"https:\/\/kosicebaptist.sk\/en\/wp-json\/wp\/v2\/categories?post=22870"},{"taxonomy":"post_tag","embeddable":true,"href":"https:\/\/kosicebaptist.sk\/en\/wp-json\/wp\/v2\/tags?post=22870"}],"curies":[{"name":"wp","href":"https:\/\/api.w.org\/{rel}","templated":true}]}}