{"id":23031,"date":"2025-04-24T17:31:37","date_gmt":"2025-04-24T15:31:37","guid":{"rendered":"https:\/\/kosicebaptist.sk\/?p=23031"},"modified":"2025-07-08T21:41:04","modified_gmt":"2025-07-08T21:41:04","slug":"zborovy-vylet-na-alpinke","status":"publish","type":"post","link":"https:\/\/kosicebaptist.sk\/en\/zborovy-vylet-na-alpinke","title":{"rendered":"Zborov\u00fd v\u00fdlet na Alpinke &#8211; ke\u010f sa stretne ve\u013ek\u00e1 rodina"},"content":{"rendered":"<p>V pondelok sme ako zbor str\u00e1vili n\u00e1dhern\u00fd spolo\u010dn\u00fd de\u0148 na Alpinke. Po\u010dasie n\u00e1m prialo \u2013 P\u00e1n Boh n\u00e1s obdaroval kr\u00e1snym slne\u010dn\u00fdm d\u0148om, ktor\u00fd bol ako stvoren\u00fd na oddych v pr\u00edrode, rozhovory a spolo\u010dn\u00e9 z\u00e1\u017eitky.<\/p>\n<p>Vrcholom d\u0148a bol vynikaj\u00faci gul\u00e1\u0161, ktor\u00fd pripravili na\u0161i \u0161\u00e9fkuch\u00e1ri Marek a Pe\u0165o so svojimi pomocn\u00edkmi. V\u0161etk\u00fdm chutil \u2013 a zvl\u00e1\u0161\u0165 n\u00e1\u0161mu bratovi Zionovi z Indie, pre ktor\u00e9ho to bol v\u00f4bec prv\u00fd gul\u00e1\u0161 v \u017eivote! Jeho spokojn\u00fd \u00fasmev hovoril za v\u0161etko. Okrem jedla nech\u00fdbal ani \u0161port \u2013 hrali sme volejbal, futbal, bedminton a mnoh\u00ed vyu\u017eili pr\u00edle\u017eitos\u0165 len tak si posedie\u0165 a porozpr\u00e1va\u0165 sa. Deti sa vy\u0161antili pri vode a v pr\u00edrode.Bol to po\u017eehnan\u00fd de\u0148, ktor\u00fd n\u00e1m pripomenul, ak\u00e9 d\u00f4le\u017eit\u00e9 a kr\u00e1sne je tr\u00e1vi\u0165 \u010das spolo\u010dne ako Bo\u017eia rodina. \u010eakujeme v\u0161etk\u00fdm, ktor\u00ed sa podie\u013eali na organiz\u00e1cii a najm\u00e4 n\u00e1\u0161mu dobr\u00e9mu Bohu za po\u017eehnanie a rados\u0165 zo spolo\u010denstva.<\/p>\n<blockquote><p>\u201eAk\u00e9 je dobr\u00e9 a mil\u00e9, ke\u010f bratia spolu b\u00fdvaj\u00fa!\u201c<br \/>\n\u017dalm 133:1<\/p><\/blockquote>","protected":false},"excerpt":{"rendered":"<p>V sobotu sme ako zbor str\u00e1vili n\u00e1dhern\u00fd spolo\u010dn\u00fd de\u0148 na Alpinke. Po\u010dasie n\u00e1m prialo \u2013 P\u00e1n Boh n\u00e1s obdaroval kr\u00e1snym slne\u010dn\u00fdm d\u0148om, ktor\u00fd bol ako stvoren\u00fd na oddych v pr\u00edrode, rozhovory a spolo\u010dn\u00e9 z\u00e1\u017eitky.<\/p>","protected":false},"author":1,"featured_media":23034,"comment_status":"closed","ping_status":"closed","sticky":false,"template":"","format":"standard","meta":{"_seopress_robots_primary_cat":"none","_seopress_titles_title":"","_seopress_titles_desc":"","_seopress_robots_index":"","footnotes":""},"categories":[13],"tags":[],"class_list":["post-23031","post","type-post","status-publish","format-standard","has-post-thumbnail","hentry","category-vylety-a-tabory"],"blocksy_meta":[],"_links":{"self":[{"href":"https:\/\/kosicebaptist.sk\/en\/wp-json\/wp\/v2\/posts\/23031","targetHints":{"allow":["GET"]}}],"collection":[{"href":"https:\/\/kosicebaptist.sk\/en\/wp-json\/wp\/v2\/posts"}],"about":[{"href":"https:\/\/kosicebaptist.sk\/en\/wp-json\/wp\/v2\/types\/post"}],"author":[{"embeddable":true,"href":"https:\/\/kosicebaptist.sk\/en\/wp-json\/wp\/v2\/users\/1"}],"replies":[{"embeddable":true,"href":"https:\/\/kosicebaptist.sk\/en\/wp-json\/wp\/v2\/comments?post=23031"}],"version-history":[{"count":1,"href":"https:\/\/kosicebaptist.sk\/en\/wp-json\/wp\/v2\/posts\/23031\/revisions"}],"predecessor-version":[{"id":23750,"href":"https:\/\/kosicebaptist.sk\/en\/wp-json\/wp\/v2\/posts\/23031\/revisions\/23750"}],"wp:featuredmedia":[{"embeddable":true,"href":"https:\/\/kosicebaptist.sk\/en\/wp-json\/wp\/v2\/media\/23034"}],"wp:attachment":[{"href":"https:\/\/kosicebaptist.sk\/en\/wp-json\/wp\/v2\/media?parent=23031"}],"wp:term":[{"taxonomy":"category","embeddable":true,"href":"https:\/\/kosicebaptist.sk\/en\/wp-json\/wp\/v2\/categories?post=23031"},{"taxonomy":"post_tag","embeddable":true,"href":"https:\/\/kosicebaptist.sk\/en\/wp-json\/wp\/v2\/tags?post=23031"}],"curies":[{"name":"wp","href":"https:\/\/api.w.org\/{rel}","templated":true}]}}