{"id":23289,"date":"2025-05-22T14:44:13","date_gmt":"2025-05-22T12:44:13","guid":{"rendered":"https:\/\/kosicebaptist.sk\/?p=23289"},"modified":"2025-07-08T21:39:07","modified_gmt":"2025-07-08T21:39:07","slug":"den-12-straz-svoje-myslienky","status":"publish","type":"post","link":"https:\/\/kosicebaptist.sk\/en\/den-12-straz-svoje-myslienky","title":{"rendered":"12. de\u0148 &#8211; Str\u00e1\u017e svoje my\u0161lienky"},"content":{"rendered":"<blockquote><p>\u201eNado v\u0161etko, \u010do treba str\u00e1\u017ei\u0165, stre\u017e svoje srdce, lebo z neho poch\u00e1dza \u017eivot.\u201c<br \/>\nPr\u00edslovia 4,23<\/p>\n<p>\u201eLebo jako [\u010dlovek] sm\u00fd\u0161\u013ea vo svojej du\u0161i, tak\u00fd je.\u201c<br \/>\nPr\u00edslovia 23,7<\/p><\/blockquote>\n<p>P\u00edsmo pou\u017e\u00edva v\u00fdraz \u201esrdce\u201c pre s\u00eddlo pocitov, my\u0161lienok a rozumu \u010dloveka. Je ve\u013emi d\u00f4le\u017eit\u00e9 regulova\u0165 \u010di str\u00e1\u017ei\u0165, \u010d\u00edm sa zaober\u00e1 moja myse\u013e, lebo ako vrav\u00ed n\u00e1s druh\u00fd ver\u0161: Ako \u010dlovek prem\u00fd\u0161\u013ea, tak\u00fd je, a tak\u00fdm sa stane. Je ve\u013emi d\u00f4le\u017eit\u00e9 uvedomi\u0165 si, \u017ee prem\u00fd\u0161\u013eanie srdca sa d\u00e1 korigova\u0165, usmer\u0148ova\u0165, str\u00e1\u017ei\u0165, smerova\u0165. \u010clovek m\u00e1 mo\u017enos\u0165 vybera\u0165 si, ak\u00fdm smerom chce prem\u00fd\u0161\u013ea\u0165 a ak\u00fdm smerom prem\u00fd\u0161\u013ea\u0165 nechce. M\u00e1 mo\u017enos\u0165 vybra\u0165 si, kam p\u00f4jde v my\u0161lienkach, a kam nep\u00f4jde.<\/p>\n<p>Je \u017eivotne nebezpe\u010dn\u00e9 vandrova\u0165 v my\u0161lienkach po zl\u00fdch \u010di hrie\u0161nych veciach, lebo na z\u00e1klade t\u00fdchto my\u0161lienok \u010dlovek za\u010dne \u010doskoro v \u017eivote i kona\u0165. M\u00fadry \u010dlovek chr\u00e1ni svoje my\u0161lienky, db\u00e1 o to, nad \u010d\u00edm prem\u00fd\u0161\u013ea, smeruje svoje srdce jedn\u00fdm dobr\u00fdm smerom a odvracia ho od smeru in\u00e9ho, zl\u00e9ho. M\u00fadry \u010dlovek dok\u00e1\u017ee rozl\u00ed\u0161i\u0165, ktor\u00fd smer je spr\u00e1vny a ktor\u00fd nespr\u00e1vny, ktor\u00fdm smerom sa vyda\u0165 a ku ktor\u00e9mu sa v my\u0161lienkach ani nepribli\u017eova\u0165.<\/p>\n<p>Ako to dok\u00e1\u017ee rozl\u00ed\u0161i\u0165? Tak, \u017ee pozn\u00e1(va) Bo\u017eie slovo, ktor\u00e9 dok\u00e1\u017ee rozli\u0161ova\u0165 a ktor\u00e9 s pomocou Ducha Bo\u017eieho u\u010d\u00ed \u010dloveka rozli\u0161ova\u0165. M\u00fadry \u010dlovek teda str\u00e1\u017ei svoje srdce, lebo z neho pramen\u00ed \u017eivot. Pochab\u00fd bl\u00e1zon nestr\u00e1\u017ei svoje srdce, prem\u00fd\u0161\u013ea a pozer\u00e1 sa na v\u0161etko \u0161pinav\u00e9, \u010do mu v hrie\u0161nom svete skr\u00ed\u017ei cestu, n\u00e1sledkom \u010doho je jeho srdce \u0161pinav\u00e9, jeho \u017eivot \u0161pinav\u00fd, a \u0161pinav\u00fd je aj on s\u00e1m.<\/p>\n<p>Priate\u013eu, pam\u00e4taj na to, \u017ee kam p\u00f4jdu tvoje my\u0161lienky, tak\u00fd si, a tak\u00fd bude\u0161 e\u0161te viac v bud\u00facnosti. So v\u0161emo\u017enou bdelos\u0165ou str\u00e1\u017e svoje srdce.<\/p>\n<p>Ondrej K.<\/p>\n","protected":false},"excerpt":{"rendered":"<p>P\u00edsmo pou\u017e\u00edva v\u00fdraz \u201esrdce\u201c pre s\u00eddlo pocitov, my\u0161lienok a rozumu \u010dloveka. Je ve\u013emi d\u00f4le\u017eit\u00e9 regulova\u0165 \u010di str\u00e1\u017ei\u0165, \u010d\u00edm sa zaober\u00e1 moja myse\u013e, lebo ako vrav\u00ed n\u00e1s druh\u00fd ver\u0161: Ako \u010dlovek prem\u00fd\u0161\u013ea, tak\u00fd je, a tak\u00fdm sa stane.<\/p>","protected":false},"author":1,"featured_media":23580,"comment_status":"closed","ping_status":"closed","sticky":false,"template":"","format":"standard","meta":{"_seopress_robots_primary_cat":"none","_seopress_titles_title":"","_seopress_titles_desc":"","_seopress_robots_index":"","footnotes":""},"categories":[28],"tags":[150],"class_list":["post-23289","post","type-post","status-publish","format-standard","has-post-thumbnail","hentry","category-zamyslenia","tag-prislovia"],"blocksy_meta":[],"_links":{"self":[{"href":"https:\/\/kosicebaptist.sk\/en\/wp-json\/wp\/v2\/posts\/23289","targetHints":{"allow":["GET"]}}],"collection":[{"href":"https:\/\/kosicebaptist.sk\/en\/wp-json\/wp\/v2\/posts"}],"about":[{"href":"https:\/\/kosicebaptist.sk\/en\/wp-json\/wp\/v2\/types\/post"}],"author":[{"embeddable":true,"href":"https:\/\/kosicebaptist.sk\/en\/wp-json\/wp\/v2\/users\/1"}],"replies":[{"embeddable":true,"href":"https:\/\/kosicebaptist.sk\/en\/wp-json\/wp\/v2\/comments?post=23289"}],"version-history":[{"count":1,"href":"https:\/\/kosicebaptist.sk\/en\/wp-json\/wp\/v2\/posts\/23289\/revisions"}],"predecessor-version":[{"id":23748,"href":"https:\/\/kosicebaptist.sk\/en\/wp-json\/wp\/v2\/posts\/23289\/revisions\/23748"}],"wp:featuredmedia":[{"embeddable":true,"href":"https:\/\/kosicebaptist.sk\/en\/wp-json\/wp\/v2\/media\/23580"}],"wp:attachment":[{"href":"https:\/\/kosicebaptist.sk\/en\/wp-json\/wp\/v2\/media?parent=23289"}],"wp:term":[{"taxonomy":"category","embeddable":true,"href":"https:\/\/kosicebaptist.sk\/en\/wp-json\/wp\/v2\/categories?post=23289"},{"taxonomy":"post_tag","embeddable":true,"href":"https:\/\/kosicebaptist.sk\/en\/wp-json\/wp\/v2\/tags?post=23289"}],"curies":[{"name":"wp","href":"https:\/\/api.w.org\/{rel}","templated":true}]}}