{"id":5865,"date":"2019-08-26T19:02:47","date_gmt":"2019-08-26T17:02:47","guid":{"rendered":"http:\/\/kosicebaptist.sk\/?p=5865"},"modified":"2025-08-19T13:07:51","modified_gmt":"2025-08-19T11:07:51","slug":"detsky-denny-tabor-vlacikom-do-sveta","status":"publish","type":"post","link":"https:\/\/kosicebaptist.sk\/en\/detsky-denny-tabor-vlacikom-do-sveta","title":{"rendered":"Detsk\u00fd denn\u00fd t\u00e1bor &#8211; vl\u00e1\u010dikom do sveta"},"content":{"rendered":"<h1>Vl\u00e1\u010dikom do sveta<\/h1>\n<p>19. &#8211; 23. 8. 2019 sme v spolupr\u00e1ci s Detskou misiou organizovali Detsk\u00fd denn\u00fd t\u00e1bor s n\u00e1zvom: Vl\u00e1\u010dikom do sveta. K dispoz\u00edcii bolo nieko\u013eko vlakov (\u0161ikovn\u00e9 mami\u010dky ich vyrobili z kart\u00f3nu), ktor\u00e9 v posledn\u00fd t\u00e1borov\u00fd de\u0148 vypravil aj skuto\u010dn\u00fd v\u00fdpravca Filip. T\u00ed, ktor\u00ed nasadli do vlaku, ne\u013eutovali. Ka\u017ed\u00fd de\u0148 sme zastavili na inej stanici &#8211; raz to bolo v meste \u00dar, inokedy na p\u00fa\u0161ti ale najd\u00f4le\u017eitej\u0161ia bola posledn\u00e1 zast\u00e1vka &#8211; nebo. Dozvedeli sa mno\u017estvo zauj\u00edmavosti zo sveta vlakov &#8211; ak\u00fd vlak je najr\u00fdchlej\u0161\u00ed, ktor\u00fd preprav\u00ed najviac \u013eud\u00ed a v\u00f4bec, ako vyzerala prv\u00e1 lokomot\u00edva. Bola na paru a repliku funk\u010dn\u00e9ho parn\u00e9ho stroja sme mali mo\u017enos\u0165 vidie\u0165 aj na vlastn\u00e9 o\u010di. Ka\u017ed\u00e1 stanica, na ktorej sme s de\u0165mi vyst\u00fapili bola br\u00e1nou k poznaniu Bo\u017e\u00edch princ\u00edpov a ich praktick\u00e9ho uplatnenia v \u017eivote. Deti n\u00e1s prekvapovali t\u00fdm, ako r\u00fdchlo sa dok\u00e1zali nau\u010di\u0165 ver\u0161e z Biblie naspam\u00e4\u0165 a ak\u00e9 dobr\u00e9 ot\u00e1zky vedeli kl\u00e1s\u0165.<\/p>\n<p>Pre\u017eili sme ve\u013ea dobrodru\u017estiev ale na to, ako sme do nitky zmokli na t\u00fare nad Gelnicou ur\u010dite nezabudneme!<\/p>\n<blockquote><p>P\u00e1\u010dilo sa mi \u017ee denn\u00fd t\u00e1bor bol perfektne zorganizovan\u00fd &#8211; ka\u017ed\u00fd vedel \u010do je jeho \u00faloha a \u010do m\u00e1 robi\u0165. A kr\u00e1sne bolo \u017ee sme boli dobr\u00e1 partia &#8211; aj ved\u00faci aj deti &#8211; nebol \u017eiaden konflikt ani z\u00e1ujmov ani ni\u010doho in\u00e9ho. &#8211; Milo\u0161<\/p><\/blockquote>\n<blockquote><p>V na\u0161om &#8222;hernom&#8220; t\u00edme sme mali pekn\u00fa spolupr\u00e1cu a navz\u00e1jom sa dop\u013a\u0148ali v n\u00e1padoch a poh\u013eadoch na realiz\u00e1ciu hier. Ka\u017ed\u00e1 dobr\u00e1 spolupr\u00e1ca zbli\u017euje, \u010di navz\u00e1jom v t\u00edme alebo s de\u0165mi, a tak to bolo aj tu, vybudovali sme si lep\u0161ie vz\u0165ahy. &#8211; Pe\u0165ka<\/p><\/blockquote>\n<blockquote><p>Mne sa ve\u013emi p\u00e1\u010dili sp\u00f4soby ak\u00fdmi sme de\u0165om hovorili o P\u00e1nu Je\u017ei\u0161ovi. Odniesla som si ve\u013ea pekn\u00fdch z\u00e1\u017eitkov, bli\u017e\u0161ie spoznala viacer\u00fdch zo zboru. Mysl\u00edm \u017ee to pred\u010dilo moje o\u010dak\u00e1vania, som rada \u017ee som prekonala strach z takej aktivity a \u0161la do toho. Za m\u0148a len pozit\u00edva a klob\u00fak dole pred Vami, ktor\u00ed to rob\u00edte pravidelne. &#8211; Dadka<\/p><\/blockquote>\n<p>U\u017e roky organizujem r\u00f4zne t\u00e1bory. Tento rok bol v\u0161ak \u0161peci\u00e1lny pre m\u0148a t\u00fdm, \u017ee som spolupracovala s viacer\u00fdmi \u013eu\u010fmi, ktor\u00ed boli v tejto oblasti pre m\u0148a ve\u013ekou nezn\u00e1mou. Napriek mnoh\u00fdm v\u00fdpovediam zo strany t\u00fdchto spolupracovn\u00edkov, t\u00fdkaj\u00facej sa neschopnosti u\u010di\u0165 deti a vlastnej nedokonalosti, mus\u00edm poveda\u0165, \u017ee P\u00e1n Boh vypo\u010dul na\u0161e spolo\u010dn\u00e9 modlitby a priznal sa k n\u00e1m. Bol to jeden z najpo\u017eehnanej\u0161\u00edch t\u00e1borov, na ktorom som bol. Som v\u010fa\u010dn\u00e1 za ka\u017ed\u00e9ho kto sa za n\u00e1s modlil.<\/p>\n<h2>\u0160portov\u00e9 aktivity<\/h2>\n<p>\u0160portov\u00e9 aktivity pre deti pripravili A\u010fa a Marek. Odviedli skvel\u00fa pr\u00e1cu &#8211; deti sa dos\u00fdtosti vybl\u00e1znili, pri\u010dom v\u0161etko bolo v hraniciach fair-play. Ved\u00faci ocenili, \u017ee deti boli pr\u00edjemne unaven\u00e9 a \u017ee na lekci\u00e1ch d\u00e1vali pozor.<\/p>\n<h2>Kto zv\u00ed\u0165azil?<\/h2>\n<p>Z\u00e1vere\u010dn\u00fd de\u0148 bol ukon\u010den\u00fd programom, ktor\u00fd bol prierezom cel\u00e9ho t\u00fd\u017ed\u0148a. Vyhodnotili sa aktivity &#8211; v\u00ed\u0165azom sa stal t\u00edm oran\u017eov\u00fdch, no mor\u00e1lnymi v\u00ed\u0165azmi sme boli v\u0161etci z\u00fa\u010dastnen\u00ed.\u00a0 A ozaj, \u010fakujeme rodi\u010dom za dom\u00e1ce kol\u00e1\u010de, ktor\u00e9 na toto stretnutie doniesli. Sme\u00a0 v\u010fa\u010dn\u00ed P\u00e1nu Bohu za cel\u00fd t\u00e1bor. Zvl\u00e1dli sme to a te\u0161\u00edme sa na bud\u00faci ro\u010dn\u00edk.<\/p>","protected":false},"excerpt":{"rendered":"<p>19. &#8211; 23. 8. 2019 sme v spolupr\u00e1ci s Detskou misiou organizovali Detsk\u00fd denn\u00fd t\u00e1bor s n\u00e1zvom: Vl\u00e1\u010dikom do sveta. K dispoz\u00edcii bolo nieko\u013eko vlakov (\u0161ikovn\u00e9 mami\u010dky ich vyrobili z kart\u00f3nu), ktor\u00e9 v posledn\u00fd t\u00e1borov\u00fd de\u0148 vypravil aj skuto\u010dn\u00fd v\u00fdpravca Filip.<\/p>","protected":false},"author":1,"featured_media":5153,"comment_status":"closed","ping_status":"closed","sticky":false,"template":"","format":"standard","meta":{"_seopress_robots_primary_cat":"none","_seopress_titles_title":"","_seopress_titles_desc":"","_seopress_robots_index":"","footnotes":""},"categories":[15,13],"tags":[16,8,17,10,18],"class_list":["post-5865","post","type-post","status-publish","format-standard","has-post-thumbnail","hentry","category-deti","category-vylety-a-tabory","tag-detsky-tabor","tag-hry","tag-rucne-prace","tag-sport","tag-vlacik"],"blocksy_meta":[],"_links":{"self":[{"href":"https:\/\/kosicebaptist.sk\/en\/wp-json\/wp\/v2\/posts\/5865","targetHints":{"allow":["GET"]}}],"collection":[{"href":"https:\/\/kosicebaptist.sk\/en\/wp-json\/wp\/v2\/posts"}],"about":[{"href":"https:\/\/kosicebaptist.sk\/en\/wp-json\/wp\/v2\/types\/post"}],"author":[{"embeddable":true,"href":"https:\/\/kosicebaptist.sk\/en\/wp-json\/wp\/v2\/users\/1"}],"replies":[{"embeddable":true,"href":"https:\/\/kosicebaptist.sk\/en\/wp-json\/wp\/v2\/comments?post=5865"}],"version-history":[{"count":1,"href":"https:\/\/kosicebaptist.sk\/en\/wp-json\/wp\/v2\/posts\/5865\/revisions"}],"predecessor-version":[{"id":25442,"href":"https:\/\/kosicebaptist.sk\/en\/wp-json\/wp\/v2\/posts\/5865\/revisions\/25442"}],"wp:featuredmedia":[{"embeddable":true,"href":"https:\/\/kosicebaptist.sk\/en\/wp-json\/wp\/v2\/media\/5153"}],"wp:attachment":[{"href":"https:\/\/kosicebaptist.sk\/en\/wp-json\/wp\/v2\/media?parent=5865"}],"wp:term":[{"taxonomy":"category","embeddable":true,"href":"https:\/\/kosicebaptist.sk\/en\/wp-json\/wp\/v2\/categories?post=5865"},{"taxonomy":"post_tag","embeddable":true,"href":"https:\/\/kosicebaptist.sk\/en\/wp-json\/wp\/v2\/tags?post=5865"}],"curies":[{"name":"wp","href":"https:\/\/api.w.org\/{rel}","templated":true}]}}