{"id":6458,"date":"2016-12-08T18:03:08","date_gmt":"2016-12-08T17:03:08","guid":{"rendered":"http:\/\/kosicebaptist.sk\/?p=6458"},"modified":"2025-08-19T16:45:35","modified_gmt":"2025-08-19T14:45:35","slug":"muzikal-brana-2016","status":"publish","type":"post","link":"https:\/\/kosicebaptist.sk\/en\/muzikal-brana-2016","title":{"rendered":"Muzik\u00e1l Br\u00e1na &#8211; 2016"},"content":{"rendered":"<blockquote>\n<p><em>Bolo to d\u00e1vno raz v Jeruzaleme. V meste sl\u00e1vnych \u010dias, v meste n\u00e1deje. V meste tis\u00edcich kr\u00e1s, ke\u010f nadi\u0161iel \u010das, s\u00e1m Je\u017ei\u0161 vo\u0161iel tam do jeho br\u00e1n. <\/em><\/p>\n<\/blockquote>\n<p>V\u00edtali Ho ako vlad\u00e1ra, pozdravovali Ho ako Kr\u00e1\u013ea, ale bolo len nieko\u013eko \u013eud\u00ed, ktor\u00ed Ho poznali ako osobn\u00e9ho priate\u013ea. In\u00ed zase neverili, \u017ee On je tou br\u00e1nou a cestou do neba. Jud\u00e1\u0161 I\u0161kariotsk\u00fd videl v Je\u017ei\u0161ovi cestu, ako si napcha\u0165 vlastn\u00e9 vreck\u00e1.<\/p>\n<p>Je\u017ei\u0161 vediac, \u017ee bol zraden\u00fd, ve\u013emi t\u00fa\u017eil rozpr\u00e1va\u0165 sa so svoj\u00edm Otcom. Vo\u0161iel do Getsemanskej z\u00e1hrady, tam so sm\u00fatkom, strachom padol na tv\u00e1r, plakal a modlil sa. Po\u010das toho pri\u0161iel do z\u00e1hrady Jud\u00e1\u0161 s vojakmi. Poslali ich ve\u013ek\u0148azi, aby Je\u017ei\u0161a zadr\u017eali. Posmievali sa Mu, bili Ho, p\u013euli na Neho. Predviedli Ho pred Pil\u00e1ta a ten Ho ods\u00fadil.<\/p>\n<blockquote>\n<p><em>Tam oni na kr\u00ed\u017e pribili, to Bo\u017eie die\u0165a bez viny, t\u00fa vz\u00e1cnu cestu zo smrti a br\u00e1nu \u017eivota. On v ruk\u00e1ch ostr\u00e9 klince mal, ke\u010f v \u0165a\u017ek\u00fdch muk\u00e1ch zomieral a de\u0148 sa na noc premie\u0148al, \u00f3 Bo\u017e\u00ed Bar\u00e1nok. <\/em><em>Bar\u00e1nok Bo\u017e\u00ed je zabit\u00fd, krvou priepas\u0165 zotrel medzi Bohom a \u010dlovekom. Bar\u00e1nok Bo\u017e\u00ed je zabit\u00fd, na seba hriechy vzal, On za v\u0161etk\u00fdch.<\/em><\/p>\n<\/blockquote>\n<p>Dvere, ktor\u00e9 sa zdali, \u017ee sa otv\u00e1raj\u00fa, boli zabuchnut\u00e9. Zavret\u00e9 raz a nav\u017edy. Nav\u017edy? Nie! Smr\u0165 Syna Bo\u017eieho nezavrela tieto dvere. Naopak, za\u010dali sa nav\u017edy otv\u00e1ra\u0165.<\/p>\n<blockquote>\n<p><em>P\u00e1n Je\u017ei\u0161 dnes z hrobu vstal. Haleluja, haleluja. Do r\u00fak si berie k\u013e\u00fa\u010d od smrti br\u00e1n, by zajatcom dal vo\u013enos\u0165 tam. Od v\u0161etk\u00e9ho zl\u00e9ho n\u00e1s oslobod\u00ed a nad nami hriechu zv\u00ed\u0165azi\u0165 nedovol\u00ed. My sp\u00fatan\u00ed sme boli v\u0161ak, slobodu n\u00e1m dal, lebo On v\u0161etky k\u013e\u00fa\u010de m\u00e1. <\/em><\/p>\n<\/blockquote>\n<p>Je\u017ei\u0161 je \u017eiv\u00fd, t\u00e1 br\u00e1na je kone\u010dne otvoren\u00e1 a preto\u017ee On vstal z\u00a0hrobu, je pre n\u00e1s prichystan\u00e1 ve\u010dn\u00e1 cesta. Je\u017ei\u0161 je t\u00e1 cesta, je pravda, je \u017eivot. Vst\u00fap do pr\u00edtomnosti sv\u00e4t\u00e9ho Boha teraz. Vst\u00fap teraz tou br\u00e1nou. Je\u017ei\u0161 \u0165a vol\u00e1, \u010dak\u00e1 na teba. M\u00e1 \u0165a r\u00e1d. Vst\u00fap teraz tou br\u00e1nou. Vst\u00fap!<\/p>\n<p><iframe loading=\"lazy\" title=\"Muzik\u00e1l Br\u00e1na - spevokol BJB Ko\u0161ice 2016\" width=\"1290\" height=\"726\" src=\"https:\/\/www.youtube.com\/embed\/hX1AROu2RYE?feature=oembed\" frameborder=\"0\" allow=\"accelerometer; autoplay; clipboard-write; encrypted-media; gyroscope; picture-in-picture; web-share\" referrerpolicy=\"strict-origin-when-cross-origin\" allowfullscreen><\/iframe><\/p>\n\n\n<div class=\"wp-block-stackable-columns stk-block-columns stk-block stk-c6606e3\" data-block-id=\"c6606e3\"><div class=\"stk-row stk-inner-blocks stk-block-content stk-content-align stk-c6606e3-column\">\n<div class=\"wp-block-stackable-column stk-block-column stk-column stk-block stk-6647370\" data-v=\"4\" data-block-id=\"6647370\"><style>@media screen and (min-width:690px){.stk-6647370 {flex:var(--stk-flex-grow, 1) 1 calc(53.1% - var(--stk-column-gap, 0px) * 1 \/ 2 ) !important;}}<\/style><div class=\"stk-column-wrapper stk-block-column__content stk-container stk-6647370-container stk--no-background stk--no-padding\"><div class=\"stk-block-content stk-inner-blocks stk-6647370-inner-blocks\">\n<h2 class=\"wp-block-heading\">Zoznam piesn\u00ed<\/h2>\n\n\n\n<ol class=\"wp-block-list\">\n<li>On br\u00e1nou je<\/li>\n\n\n\n<li>V Jeruzaleme<\/li>\n\n\n\n<li>Bu\u010f sl\u00e1va<\/li>\n\n\n\n<li>V\u00f4\u0148a sv\u00e4tosti<br>s\u00f3lo: Barbara I\u0161ky Janov\u010d\u00edkov\u00e1<\/li>\n\n\n\n<li>Tridsa\u0165 strieborn\u00fdch<br>s\u00f3lo: Filip \u010curilla<\/li>\n\n\n\n<li>Ku stolu pr\u00ed\u010fte<\/li>\n\n\n\n<li>Abba Ot\u010de<br>s\u00f3lo: Matej B\u00ed\u0161a<\/li>\n\n\n\n<li>Ukri\u017euj Ho<br>s\u00f3lo: Daniel Staro\u0148<\/li>\n\n\n\n<li>Tam oni na kr\u00ed\u017e pribili<\/li>\n\n\n\n<li>Lebo tak Boh miloval svet<\/li>\n\n\n\n<li>P\u00e1n Je\u017ei\u0161 dnes z hrobu vstal<\/li>\n\n\n\n<li>Fin\u00e1le<\/li>\n<\/ol>\n\n\n\n<h2 class=\"wp-block-heading\">Po\u010fakovanie<\/h2>\n\n\n\n<h5 class=\"wp-block-heading\">Autor muzik\u00e1lu<\/h5>\n\n\n\n<p>Dennis &amp; Nan Allen<\/p>\n\n\n\n<h5 class=\"wp-block-heading\">Slovensk\u00fd text<\/h5>\n\n\n\n<p>Sl\u00e1vo Kr\u00e1\u013e<\/p>\n\n\n\n<h5 class=\"wp-block-heading\">\u00da\u010dinkuj\u00faci<\/h5>\n\n\n\n<p>Spevokol Bjb v Ko\u0161iciach<\/p>\n\n\n\n<h5 class=\"wp-block-heading\">Obsadenie post\u00e1v<\/h5>\n\n\n\n<p>Je\u017ei\u0161 \u2013 Pavol Sirka<br>U\u010den\u00edci &#8211; Martin Ma\u010danga, Marek Cifra, D\u00e1vid \u010campa,<br>Jud\u00e1\u0161 &#8211; Filip \u010curilla<br>M\u00e1ria Magdal\u00e9na \u2013 Barbara I\u0161ky &nbsp;&nbsp;Janov\u010d\u00edkov\u00e1<br>K\u0148az \u2013 Viktor Repask\u00fd<br>Pil\u00e1t \u2013 Daniel Staro\u0148<br>Vojaci \u2013 D\u00e1vid Papp, Kirill Kal\u010dickij<br>\u017deny \u2013 Gr\u00e9ta \u0160arkoziov\u00e1, Katar\u00edna, Telep\u010d\u00e1kov\u00e1, Nat\u00e1lia Jen\u010dov\u00e1, Daniela Adamyk<\/p>\n\n\n\n<h5 class=\"wp-block-heading\">Rozpr\u00e1va\u010d<\/h5>\n\n\n\n<p>Jozef (Dodo) Michalec<\/p>\n\n\n\n<h5 class=\"wp-block-heading\">Zvuk<\/h5>\n\n\n\n<p>Daniel Fri\u0161tik<br>J\u00e1n Ivanko<\/p>\n\n\n\n<h5 class=\"wp-block-heading\">Videoprojekcia, anim\u00e1cie, svetl\u00e1<\/h5>\n\n\n\n<p>\u013dubom\u00edr Badiar<br>Pavol B\u00e1n<\/p>\n\n\n\n<h5 class=\"wp-block-heading\">R\u00e9\u017eia<\/h5>\n\n\n\n<p>\u013dubom\u00edr Badiar<\/p>\n\n\n\n<h4 class=\"wp-block-heading\">Dirigent, hudobn\u00e9 na\u0161tudovanie<\/h4>\n\n\n\n<p>Jarmila Fri\u0161tikov\u00e1<\/p>\n\n\n\n<h5 class=\"wp-block-heading\">Kamera<\/h5>\n\n\n\n<p>Peter Jur\u010do, Jana Jur\u010dov\u00e1<\/p>\n\n\n\n<h5 class=\"wp-block-heading\">Kost\u00fdmy<\/h5>\n\n\n\n<p>Jana Jur\u010dov\u00e1<\/p>\n<\/div><\/div><\/div>\n\n\n\n<div class=\"wp-block-stackable-column stk-block-column stk-column stk-block stk-f250e7b\" data-v=\"4\" data-block-id=\"f250e7b\"><style>@media screen and (min-width:690px){.stk-f250e7b {flex:var(--stk-flex-grow, 1) 1 calc(46.9% - var(--stk-column-gap, 0px) * 1 \/ 2 ) !important;}}<\/style><div class=\"stk-column-wrapper stk-block-column__content stk-container stk-f250e7b-container stk--no-background stk--no-padding\"><div class=\"stk-block-content stk-inner-blocks stk-f250e7b-inner-blocks\">\n<h2 class=\"wp-block-heading\">Spev\u00e1cky zbor<\/h2>\n\n\n\n<h5 class=\"wp-block-heading\">Sopr\u00e1n<\/h5>\n\n\n\n<p>Jaroslava \u0160ark\u00f6ziov\u00e1<br>Iveta Elischerov\u00e1<br>Daniela Sopkov\u00e1<br>Andrea O\u017ed\u00e1niov\u00e1<br>Jasna Kraljik<br>Zuzana Lengyelov\u00e1<br>M\u00e1ria Bal\u00e1\u017eov\u00e1<br>\u013dudmila B\u00ed\u0161ov\u00e1<br>Jarmila Pleskov\u00e1<br>Barbara I\u0161ky Janov\u010d\u00edkov\u00e1<br>Bla\u017eena B\u00e1nov\u00e1<br>Lenka Wright<br>Emma Smoln\u00edkov\u00e1<br>Angela Ja\u0161kov\u00e1 Packa\u0148ov\u00e1<\/p>\n\n\n\n<h5 class=\"wp-block-heading\">Alt<\/h5>\n\n\n\n<p>Anna Staro\u0148ov\u00e1<br>Drahom\u00edra Fe\u010dkeov\u00e1<br>Miriam \u010curillov\u00e1<br>Drahom\u00edra \u0160tepitov\u00e1<br>Svetlana Be\u0148ov\u00e1<br>Miriam Bal\u00e1\u017eov\u00e1<br>Drahom\u00edra \u010curillov\u00e1<br>Dianne McNary<\/p>\n\n\n\n<h5 class=\"wp-block-heading\">Tenor<\/h5>\n\n\n\n<p>Michal Ba\u010do<br>Slavom\u00edr Fe\u010dke<br>Matej B\u00ed\u0161a<br>Karol \u010campa<\/p>\n\n\n\n<h5 class=\"wp-block-heading\">Bas<\/h5>\n\n\n\n<p>R\u00f3bert O\u017ed\u00e1ni<br>D\u00e1vid Bal\u00e1\u017e<br>Shane McNary<br>Daniel Staro\u0148<br>Filip \u010curilla<\/p>\n<\/div><\/div><\/div>\n<\/div><\/div>","protected":false},"excerpt":{"rendered":"<p>Bolo to d\u00e1vno raz v Jeruzaleme. V meste sl\u00e1vnych \u010dias, v meste n\u00e1deje. V meste tis\u00edcich kr\u00e1s, ke\u010f nadi\u0161iel \u010das, s\u00e1m Je\u017ei\u0161 vo\u0161iel tam do jeho br\u00e1n.<\/p>","protected":false},"author":1,"featured_media":6478,"comment_status":"closed","ping_status":"closed","sticky":false,"template":"","format":"standard","meta":{"_seopress_robots_primary_cat":"none","_seopress_titles_title":"","_seopress_titles_desc":"","_seopress_robots_index":"","footnotes":""},"categories":[20,29,30],"tags":[],"class_list":["post-6458","post","type-post","status-publish","format-standard","has-post-thumbnail","hentry","category-chvaly-a-uctievanie","category-misia","category-muzikal"],"blocksy_meta":[],"_links":{"self":[{"href":"https:\/\/kosicebaptist.sk\/en\/wp-json\/wp\/v2\/posts\/6458","targetHints":{"allow":["GET"]}}],"collection":[{"href":"https:\/\/kosicebaptist.sk\/en\/wp-json\/wp\/v2\/posts"}],"about":[{"href":"https:\/\/kosicebaptist.sk\/en\/wp-json\/wp\/v2\/types\/post"}],"author":[{"embeddable":true,"href":"https:\/\/kosicebaptist.sk\/en\/wp-json\/wp\/v2\/users\/1"}],"replies":[{"embeddable":true,"href":"https:\/\/kosicebaptist.sk\/en\/wp-json\/wp\/v2\/comments?post=6458"}],"version-history":[{"count":3,"href":"https:\/\/kosicebaptist.sk\/en\/wp-json\/wp\/v2\/posts\/6458\/revisions"}],"predecessor-version":[{"id":25469,"href":"https:\/\/kosicebaptist.sk\/en\/wp-json\/wp\/v2\/posts\/6458\/revisions\/25469"}],"wp:featuredmedia":[{"embeddable":true,"href":"https:\/\/kosicebaptist.sk\/en\/wp-json\/wp\/v2\/media\/6478"}],"wp:attachment":[{"href":"https:\/\/kosicebaptist.sk\/en\/wp-json\/wp\/v2\/media?parent=6458"}],"wp:term":[{"taxonomy":"category","embeddable":true,"href":"https:\/\/kosicebaptist.sk\/en\/wp-json\/wp\/v2\/categories?post=6458"},{"taxonomy":"post_tag","embeddable":true,"href":"https:\/\/kosicebaptist.sk\/en\/wp-json\/wp\/v2\/tags?post=6458"}],"curies":[{"name":"wp","href":"https:\/\/api.w.org\/{rel}","templated":true}]}}