{"id":7314,"date":"2020-01-27T14:15:36","date_gmt":"2020-01-27T13:15:36","guid":{"rendered":"https:\/\/kosicebaptist.sk\/?p=7314"},"modified":"2025-08-19T12:24:31","modified_gmt":"2025-08-19T10:24:31","slug":"vedela-som-ze-sa-mozem-so-vsetkym-obratit-na-nasho-milujuceho-otecka","status":"publish","type":"post","link":"https:\/\/kosicebaptist.sk\/en\/vedela-som-ze-sa-mozem-so-vsetkym-obratit-na-nasho-milujuceho-otecka","title":{"rendered":"Vedela som, \u017ee sa m\u00f4\u017eem so v\u0161etk\u00fdm obr\u00e1ti\u0165 na n\u00e1\u0161ho miluj\u00faceho Otecka"},"content":{"rendered":"<h1>M\u00f4j pr\u00edbeh o tom, ako m\u00e1 P\u00e1n Boh pritiahol k sebe<\/h1>\n<h2>M\u00f4j duchovn\u00fd \u017eivot<\/h2>\n<p><span class=\"fontstyle0\">O tom, ako som prijala P\u00e1na Je\u017ei\u0161a do svojho \u017eivota som u\u017e hovorila pri svojom krste. Preto by som teraz chcela poveda\u0165 viac o tom, ako sa vyv\u00edjal m\u00f4j duchovn\u00fd \u017eivot \u010falej. T\u00ed \u010do ma poznaj\u00fa vedia, \u017ee poch\u00e1dzam z neveriaceho prostredia. Ke\u010f som sa teda rozhodla odovzda\u0165 svoj \u017eivot Bohu ako cca 22 ro\u010dn\u00e1, dala som sa pokrsti\u0165. Myslela som si, \u017ee to je predsa v\u0161etko, m\u00e1m nov\u00fd \u017eivot a \u010falej u\u017e netreba robi\u0165 ni\u010d. <\/span><\/p>\n<p><span class=\"fontstyle0\">Ke\u010f sa na to tak sp\u00e4tne pozriem, bola som naozaj ako tak\u00e9 mal\u00e9, \u010derstvo naroden\u00e9 b\u00e1b\u00e4tko. B\u00e1b\u00e4tko, ktor\u00e9 sa potrebuje e\u0161te v\u0161etko nau\u010di\u0165 &#8211; rozpr\u00e1vanie, chodenie a tak \u010falej. Popravde som vtedy netu\u0161ila, \u017ee som e\u0161te len na za\u010diatku mojej cesty s Bohom. Netu\u0161ila som, \u017ee On ma bude k sebe \u0165aha\u0165 bli\u017e\u0161ie a bli\u017e\u0161ie, u\u010di\u0165 ma \u010do sa mu p\u00e1\u010di, ukazova\u0165 mi moje nedostatky, \u010di pripravova\u0165 ma na r\u00f4zne n\u00e1ro\u010dnej\u0161ie situ\u00e1cie v \u017eivote. A mal teda so mnou ve\u013ea pr\u00e1ce (a st\u00e1le m\u00e1). <\/span><\/p>\n<blockquote>\n<p><span class=\"fontstyle0\">Ke\u010f\u017ee t\u00fdch 22 rokov som verila nie\u010domu \u00faplne in\u00e9mu, bola som vychov\u00e1van\u00e1 bez vz\u0165ahu s Bohom, zvyknut\u00e1 robi\u0165 si to, \u010do je spr\u00e1vne pod\u013ea ak\u00e9hosi m\u00f4jho mor\u00e1lneho nastavenia, a nebolo jednoduch\u00e9 sa zo d\u0148a na de\u0148 zbavi\u0165 t\u00fdchto vec\u00ed, \u010do sa mi ani nepodarilo. <\/span><\/p>\n<\/blockquote>\n<h2>Moje zlyhania<\/h2>\n<p><span class=\"fontstyle0\">Tieto moje zlyhania \u010dasto sp\u00f4sobovali pochybnosti o tom, \u010di ma Boh naozaj miluje. Nech\u00e1pala som, pre\u010do mi predsa nepom\u00f4\u017ee, aby som bola dokonalej\u0161ou, lep\u0161ou, poslu\u0161nej\u0161ou. St\u00e1le som sa vracala k star\u00fdm zl\u00fdm zvykom, pri\u010dom som vedela, \u017ee nerob\u00edm spr\u00e1vne. Nejako som sa nevedela vymota\u0165 z kruhu nespokojnosti, neposlu\u0161nosti a n\u00e1sledn\u00e9ho hnevu na Boha, pre\u010do to vlastne dovolil. <\/span><\/p>\n<p><span class=\"fontstyle0\">Najn\u00e1ro\u010dnej\u0161ie obdobie pre m\u0148a ale nastalo, ke\u010f sa n\u00e1m narodil n\u00e1\u0161 prv\u00fd syn. Samozrejme \u017ee sme sa na\u0148ho ve\u013emi ve\u013emi te\u0161ili. Ve\u013emi ho \u013e\u00fabime, tak isto ako aj ostatn\u00e9 na\u0161e deti. No jednoducho jeho narodenie prinieslo do m\u00f4jho \u017eivota ve\u013ea nov\u00fdch situ\u00e1ci\u00ed a zmien, s ktor\u00fdmi som sa \u010dasto nevedela vysporiada\u0165. Od maxim\u00e1lneho vy\u010derpania z prebden\u00fdch noc\u00ed, cez strach a obavy o jeho \u017eivot, zdravie a bud\u00facnos\u0165, ako si poradi\u0165 s jeho v\u00fdchovou, a tak by sa dalo pokra\u010dova\u0165 \u010falej a \u010falej. Sama som tieto situ\u00e1cie nevedela zvl\u00e1dnu\u0165, no u\u017e som samozrejme vedela, \u017ee ani na to nie som sama.<\/span><\/p>\n<blockquote>\n<p><span class=\"fontstyle0\">Vedela som, \u017ee sa so v\u0161etk\u00fdm m\u00f4\u017eem obr\u00e1ti\u0165 na n\u00e1\u0161ho miluj\u00faceho Otecka, ktor\u00fd ani nechce, aby sme sa s tak\u00fdmito vecami tr\u00e1pili. Akur\u00e1t to bolo ob\u010das akosi ta\u017e\u0161ie aplikova\u0165 do re\u00e1lneho \u017eivota, ke\u010f\u017ee st\u00e1le sa mi Boh zdal akosi pr\u00edli\u0161 vzdialen\u00fd, absol\u00fatne nedosiahnute\u013en\u00fd. <\/span><\/p>\n<\/blockquote>\n<h2>Stretnutia s veriac\u00edmi \u013eu\u010fmi<\/h2>\n<p><span class=\"fontstyle0\">V tomto obdob\u00ed som<\/span> <span class=\"fontstyle0\">sa v\u0161ak za\u010dala stret\u00e1va\u0165 s veriacimi mami\u010dkami na na\u0161ej mami\u010dkovskej skupinke Pierko. Z\u00e1rove\u0148, presne v tom obdob\u00ed sa Laura, man\u017eelka n\u00e1\u0161ho kazate\u013ea Daliho, rozhodla organizova\u0165 a vies\u0165 biblick\u00e9 \u0161tudijn\u00e9 skupinky pre \u017eeny. Hoci to bolo pre m\u0148a vtedy n\u00e1ro\u010dnej\u0161ie obdobie kv\u00f4li starostlivosti o mal\u00e9 die\u0165a, sama som sa vn\u00fatorne rozhodla a zaviazala, \u017ee budem nav\u0161tevova\u0165 obidve tieto skupinky. To preto, aby som mohla viac spozn\u00e1va\u0165 Boha cez Jeho Slovo, a t\u00fdm som sa k nemu mohla viac pribl\u00ed\u017ei\u0165. <\/span><\/p>\n<p><span class=\"fontstyle0\">A viete \u010do? Obidve tieto skupinky boli ve\u013ek\u00fdm po\u017eehnan\u00edm nie len pre m\u00f4j \u017eivot, ale aj pre \u017eivot celej na\u0161ej rodinky. Pravideln\u00e9 \u0161t\u00fadium Bo\u017eieho Slova mi prin\u00e1\u0161alo odpove\u010f nie len na duchovn\u00e9 ot\u00e1zky, ale hlavne na praktick\u00e9 situ\u00e1cie, ako z Bo\u017eieho poh\u013eadu. Ako by\u0165 dobrou man\u017eelkou a matkou, ako sl\u00fa\u017ei\u0165 v zbore, v rodine, medzi zn\u00e1mymi &#8211; jednoducho, na\u0161la som miesto, kde sa daj\u00fa n\u00e1js\u0165 odpovede na (takmer) v\u0161etky ot\u00e1zky a probl\u00e9my v \u017eivote. <\/span><\/p>\n<p><span class=\"fontstyle0\">Nie, nie je to skupinka s Laurou, i ke\u010f Laura zvl\u00e1dla brav\u00farne zodpoveda\u0165 v\u0161etky na\u0161e ot\u00e1zky, je to Bo\u017eie Slovo, Biblia. Od kedy n\u00e1m Laura za\u010dala ukazova\u0165 ak\u00e9 presn\u00e9 in\u0161trukcie, rovno od n\u00e1\u0161ho P\u00e1na a Stvorite\u013ea v\u0161etk\u00e9ho, sa tam nach\u00e1dzaj\u00fa pr\u00e1ve pre m\u00f4j \u017eivot, m\u00e1m ve\u013ek\u00fa t\u00fa\u017ebu ich v\u0161etky odhali\u0165. Som ve\u013emi v\u010fa\u010dn\u00e1 Bohu za to, \u017ee n\u00e1m zanechal tak\u00fdto \u201cmanu\u00e1l\u201d, a tie\u017e som v\u010fa\u010dn\u00e1 Laure, \u017ee jej Boh dal tak\u00e9 ochotn\u00e9 srdce sl\u00fa\u017ei\u0165 ostatn\u00fdm \u017een\u00e1m. Chcela som teda len poveda\u0165, ako ve\u013ea mi d\u00e1va \u010d\u00edtanie a \u0161t\u00fadium Bo\u017eieho slova, a ako sa t\u00fdm aj zlep\u0161uje m\u00f4j vz\u0165ah s Bohom a men\u00ed m\u00f4j \u017eivot. U\u017e toti\u017e viem, kde h\u013eada\u0165 v\u0161etky odpovede.<br \/><\/span><\/p>\n<h2>Odpor\u00fa\u010danie<\/h2>\n<p><span class=\"fontstyle0\">Ve\u013emi sa mi tie\u017e p\u00e1\u010dil koment\u00e1r m\u00f4jho svokra, Jara B\u00e1na, k podobenstvu o dome na skale (odpor\u00fa\u010dam v\u0161ek\u00fdm si to pre\u010d\u00edta\u0165, ke\u010f vyjde kni\u017ene).<br \/><\/span><\/p>\n<blockquote>\n<p><span class=\"fontstyle3\">Pre\u010do ma oslovujete: \u201aPane, Pane,\u2018 a nerob\u00edte to, \u010do hovor\u00edm? Komu sa podob\u00e1 ten, kto prich\u00e1dza ku mne, po\u010d\u00fava moje slov\u00e1 a pln\u00ed ich? Uk\u00e1\u017eem v\u00e1m: Podob\u00e1 sa \u010dloveku, ktor\u00fd staval dom. Kopal hlboko a z\u00e1klady polo\u017eil na skale. Ke\u010f pri\u0161lapovode\u0148, privalila sa rieka na ten dom, ale nebola schopn\u00e1 n\u00edm otrias\u0165, lebo bol dobre postaven\u00fd. Kto v\u0161ak moje slov\u00e1 po\u010d\u00fava a nepln\u00ed ich, podob\u00e1 sa \u010dloveku, ktor\u00fd postavil dom na zemi bez z\u00e1kladov. Ke\u010f sa na\u0148 privalila rieka, zr\u00fatil sa a zostalo z neho iba ve\u013ek\u00e9 rumovisko.\u201c Luk\u00e1\u0161 6, 46-49<\/span><\/p>\n<\/blockquote>\n<h2><span class=\"fontstyle3\">A \u010do \u010falej?<\/span><\/h2>\n<p><span class=\"fontstyle0\">Aj ja som toti\u017e stavite\u013e. E\u0161te st\u00e1le kopem z\u00e1klady pre m\u00f4j dom. Ver\u00edm tomu, \u017ee u\u017e nie s\u00fa \u00faplne plytk\u00e9, som u\u017e v nejakej h\u013abke, no e\u0161te som ani z \u010faleka nenarazila na t\u00fa skalu, na ktor\u00fa sa ka\u017ed\u00fd kres\u0165an sna\u017e\u00ed dosta\u0165. St\u00e1le nedok\u00e1\u017eem zvl\u00e1dnu\u0165 v\u0161etky probl\u00e9my a situ\u00e1cie v mojom \u017eivote bez \u013eudsk\u00e9ho zlyhania, hriechu, pochybnosti, no som pevne rozhodnut\u00e1, \u017ee svoj \u010das, ktor\u00fd m\u00e1m na tejto zemi, chcem str\u00e1vi\u0165 pozn\u00e1van\u00edm n\u00e1\u0161ho P\u00e1na, slu\u017ebou pre Neho, a hlavne mu chcem by\u0165 poslu\u0161n\u00fdm a miluj\u00facim die\u0165a\u0165om.<br \/><\/span><\/p>\n<p>Viem, \u017ee sa m\u00f4\u017eem so v\u0161etk\u00fdm obr\u00e1ti\u0165 na n\u00e1\u0161ho miluj\u00faceho Otecka.<\/p>\n\n\n<p><\/p>","protected":false},"excerpt":{"rendered":"<p>Ke\u010f\u017ee t\u00fdch 22 rokov som verila nie\u010domu \u00faplne in\u00e9mu, bola som vychov\u00e1van\u00e1 bez vz\u0165ahu s Bohom, zvyknut\u00e1 robi\u0165 si to, \u010do je spr\u00e1vne pod\u013ea ak\u00e9hosi m\u00f4jho mor\u00e1lneho nastavenia, a nebolo jednoduch\u00e9 sa zo d\u0148a na de\u0148 zbavi\u0165 t\u00fdchto vec\u00ed, \u010do sa mi ani nepodarilo.<\/p>","protected":false},"author":1,"featured_media":7317,"comment_status":"closed","ping_status":"closed","sticky":false,"template":"","format":"standard","meta":{"_seopress_robots_primary_cat":"none","_seopress_titles_title":"","_seopress_titles_desc":"","_seopress_robots_index":"","footnotes":""},"categories":[14],"tags":[53,31,54,55],"class_list":["post-7314","post","type-post","status-publish","format-standard","has-post-thumbnail","hentry","category-moj-pribeh","tag-biblia","tag-laska","tag-pribeh","tag-studium"],"blocksy_meta":[],"_links":{"self":[{"href":"https:\/\/kosicebaptist.sk\/en\/wp-json\/wp\/v2\/posts\/7314","targetHints":{"allow":["GET"]}}],"collection":[{"href":"https:\/\/kosicebaptist.sk\/en\/wp-json\/wp\/v2\/posts"}],"about":[{"href":"https:\/\/kosicebaptist.sk\/en\/wp-json\/wp\/v2\/types\/post"}],"author":[{"embeddable":true,"href":"https:\/\/kosicebaptist.sk\/en\/wp-json\/wp\/v2\/users\/1"}],"replies":[{"embeddable":true,"href":"https:\/\/kosicebaptist.sk\/en\/wp-json\/wp\/v2\/comments?post=7314"}],"version-history":[{"count":1,"href":"https:\/\/kosicebaptist.sk\/en\/wp-json\/wp\/v2\/posts\/7314\/revisions"}],"predecessor-version":[{"id":25420,"href":"https:\/\/kosicebaptist.sk\/en\/wp-json\/wp\/v2\/posts\/7314\/revisions\/25420"}],"wp:featuredmedia":[{"embeddable":true,"href":"https:\/\/kosicebaptist.sk\/en\/wp-json\/wp\/v2\/media\/7317"}],"wp:attachment":[{"href":"https:\/\/kosicebaptist.sk\/en\/wp-json\/wp\/v2\/media?parent=7314"}],"wp:term":[{"taxonomy":"category","embeddable":true,"href":"https:\/\/kosicebaptist.sk\/en\/wp-json\/wp\/v2\/categories?post=7314"},{"taxonomy":"post_tag","embeddable":true,"href":"https:\/\/kosicebaptist.sk\/en\/wp-json\/wp\/v2\/tags?post=7314"}],"curies":[{"name":"wp","href":"https:\/\/api.w.org\/{rel}","templated":true}]}}